{"id":5850,"date":"2019-01-31T14:56:40","date_gmt":"2019-01-31T13:56:40","guid":{"rendered":"https:\/\/tcolors.net\/die-erneuerung-von-tcolors-neues-erscheinungsbild-und-katalog-werden-auf-der-fira-creative-world-2019-praesentiert\/"},"modified":"2019-01-31T14:56:40","modified_gmt":"2019-01-31T13:56:40","slug":"die-erneuerung-von-tcolors-neues-erscheinungsbild-und-katalog-werden-auf-der-fira-creative-world-2019-praesentiert","status":"publish","type":"post","link":"https:\/\/tcolors.net\/de\/die-erneuerung-von-tcolors-neues-erscheinungsbild-und-katalog-werden-auf-der-fira-creative-world-2019-praesentiert\/","title":{"rendered":"Die Erneuerung von Tcolors: Neues Erscheinungsbild und Katalog werden auf der Fira Creative World 2019 pr\u00e4sentiert."},"content":{"rendered":"<p>TColors, die Marke f\u00fcr Schulfarben und Bastelbedarf der <a href=\"http:\/\/teb.org\/es\" target=\"_blank\" rel=\"noopener\">Genossenschaftsgruppe TEB<\/a>, hat sich zum f\u00fcnften Mal in Folge an der <a href=\"https:\/\/creativeworld.messefrankfurt.com\/frankfurt\/en.html\" target=\"_blank\" rel=\"noopener\">Creative World Messe<\/a> beteiligt, der weltweit gr\u00f6\u00dften Veranstaltung in den Bereichen Farben, Schreibwaren und Bastelbedarf. Die Messe fand vom 26. bis 29. Januar in Frankfurt (Deutschland) statt und versammelte 362 internationale Aussteller und \u00fcber 9.000 Fachleute. Der Stand von TColors wurde in Zusammenarbeit mit dem <a href=\"http:\/\/calibosart.wixsite.com\/illustration\" target=\"_blank\" rel=\"noopener\">Illustrator Calibos<\/a> gestaltet, der Live-Demonstrationen der kreativen M\u00f6glichkeiten verschiedener Farben durchgef\u00fchrt hat.<\/p>\n<p> Die Besucher konnten sehen, wie Kunstwerke mit <a href=\"https:\/\/tcolors.net\/productos\/pintura-dedos\/\" target=\"_blank\" rel=\"noopener\">Fingerfarben<\/a>, <a href=\"https:\/\/tcolors.net\/productos\/tempera-preparada\/\" target=\"_blank\" rel=\"noopener\">vorbereiteten Temperafarben<\/a>, <a href=\"https:\/\/tcolors.net\/productos\/pasta-sensorial\/\" target=\"_blank\" rel=\"noopener\">Reliefmalerei<\/a>, <a href=\"https:\/\/tcolors.net\/productos\/chalk-paint\/\" target=\"_blank\" rel=\"noopener\">Kreideeffektfarben<\/a>, <a href=\"https:\/\/tcolors.net\/productos\/pintura-acrilica\/\" target=\"_blank\" rel=\"noopener\">Acrylfarben<\/a>, Zeichentinte, Fensterfarben, Fly&amp;Flot, <a href=\"https:\/\/tcolors.net\/productos\/pintura-textil\/\" target=\"_blank\" rel=\"noopener\">Textilfarben und Spr\u00fchfarben<\/a>, Tafelfarben, <a href=\"https:\/\/tcolors.net\/productos\/purpurina\/\" target=\"_blank\" rel=\"noopener\">Glitzer<\/a>, abnehmbarem <a href=\"https:\/\/tcolors.net\/productos\/supertack\/\" target=\"_blank\" rel=\"noopener\">Klebstoff<\/a> oder <a href=\"https:\/\/tcolors.net\/productos\/barniz\/\" target=\"_blank\" rel=\"noopener\">Lacken<\/a> erstellt werden k\u00f6nnen.<\/p>\n<p>In diesem Jahr pr\u00e4sentierte TColors ein neues Erscheinungsbild und Label mit einem einfacheren, moderneren Logo, das sich in das allgemeine Unternehmensbild der Grup Cooperatiu TEB einf\u00fcgt. Dar\u00fcber hinaus bietet der Katalog 2019 Neuheiten wie eine neue Linie Fingerfarben, die in Flaschen abgef\u00fcllt sind, und neue Verpackungen mit 400 ml f\u00fcr die Chalk-Paint-Produktfamilie, die zu den bereits vorhandenen 250-ml-Verpackungen hinzukommen. Der Katalog umfasst mittlerweile 450 Artikel, die in verschiedene Produktfamilien unterteilt sind und sowohl die Bed\u00fcrfnisse von Bildungseinrichtungen als auch von Bastel- und Kunsthandwerksenthusiasten abdecken. TColors ist eine Marke, die sich f\u00fcr die Umwelt und soziale Verantwortung einsetzt. Ihre Farben werden von Menschen mit geistiger Behinderung im gemeinn\u00fctzigen Integrationsunternehmen TEB Barcelona hergestellt, das sich seit \u00fcber einem Jahrzehnt auf die Herstellung von Schulmalfarben f\u00fcr f\u00fchrende Marken spezialisiert hat. Seit sieben Jahren ist TColors auch auf dem europ\u00e4ischen Markt t\u00e4tig, wo sie bereits Kunden in Deutschland, Frankreich, Italien und Portugal hat. <\/p>\n","protected":false},"excerpt":{"rendered":"<p>TColors, die Marke f\u00fcr Schulfarben und Bastelbedarf der Genossenschaftsgruppe TEB, hat sich zum f\u00fcnften Mal in Folge an der Creative World Messe beteiligt, der weltweit gr\u00f6\u00dften Veranstaltung in den Bereichen&#8230;<\/p>\n","protected":false},"author":2,"featured_media":5040,"comment_status":"closed","ping_status":"closed","sticky":false,"template":"","format":"standard","meta":{"footnotes":""},"categories":[222],"tags":[461,467,445],"class_list":{"0":"post-5850","1":"post","2":"type-post","3":"status-publish","4":"format-standard","5":"has-post-thumbnail","7":"category-messen-und-veranstaltungen","8":"tag-creative-world-messe","9":"tag-creative-world-messe-frankfurt","10":"tag-tcolors-de"},"yoast_head":"<!-- This site is optimized with the Yoast SEO plugin v27.2 - https:\/\/yoast.com\/product\/yoast-seo-wordpress\/ -->\n<title>Die Erneuerung von Tcolors: Neues Erscheinungsbild und Katalog werden auf der Fira Creative World 2019 pr\u00e4sentiert. - TColors<\/title>\n<meta name=\"description\" content=\"Erkunde die Verwandlung von Tcolors auf der Fira Creative World 2019 durch ihr innovatives neues Markenbild und Katalog.\" \/>\n<meta name=\"robots\" content=\"index, follow, max-snippet:-1, max-image-preview:large, max-video-preview:-1\" \/>\n<link rel=\"canonical\" href=\"https:\/\/tcolors.net\/de\/die-erneuerung-von-tcolors-neues-erscheinungsbild-und-katalog-werden-auf-der-fira-creative-world-2019-praesentiert\/\" \/>\n<meta property=\"og:locale\" content=\"de_DE\" \/>\n<meta property=\"og:type\" content=\"article\" \/>\n<meta property=\"og:title\" content=\"Die Erneuerung von Tcolors: Neues Erscheinungsbild und Katalog werden auf der Fira Creative World 2019 pr\u00e4sentiert. - TColors\" \/>\n<meta property=\"og:description\" content=\"Erkunde die Verwandlung von Tcolors auf der Fira Creative World 2019 durch ihr innovatives neues Markenbild und Katalog.\" \/>\n<meta property=\"og:url\" content=\"https:\/\/tcolors.net\/de\/die-erneuerung-von-tcolors-neues-erscheinungsbild-und-katalog-werden-auf-der-fira-creative-world-2019-praesentiert\/\" \/>\n<meta property=\"og:site_name\" content=\"TColors\" \/>\n<meta property=\"article:publisher\" content=\"https:\/\/www.facebook.com\/tcolorsoficial\" \/>\n<meta property=\"article:published_time\" content=\"2019-01-31T13:56:40+00:00\" \/>\n<meta property=\"og:image\" content=\"https:\/\/tcolors.net\/wp-content\/uploads\/2023\/09\/feria-frankfurt-2019.jpg\" \/>\n\t<meta property=\"og:image:width\" content=\"901\" \/>\n\t<meta property=\"og:image:height\" content=\"901\" \/>\n\t<meta property=\"og:image:type\" content=\"image\/jpeg\" \/>\n<meta name=\"author\" content=\"Davide Menini\" \/>\n<meta name=\"twitter:card\" content=\"summary_large_image\" \/>\n<meta name=\"twitter:label1\" content=\"Verfasst von\" \/>\n\t<meta name=\"twitter:data1\" content=\"Davide Menini\" \/>\n\t<meta name=\"twitter:label2\" content=\"Gesch\u00e4tzte Lesezeit\" \/>\n\t<meta name=\"twitter:data2\" content=\"1\u00a0Minute\" \/>\n<script type=\"application\/ld+json\" class=\"yoast-schema-graph\">{\"@context\":\"https:\/\/schema.org\",\"@graph\":[{\"@type\":\"Article\",\"@id\":\"https:\/\/tcolors.net\/de\/die-erneuerung-von-tcolors-neues-erscheinungsbild-und-katalog-werden-auf-der-fira-creative-world-2019-praesentiert\/#article\",\"isPartOf\":{\"@id\":\"https:\/\/tcolors.net\/de\/die-erneuerung-von-tcolors-neues-erscheinungsbild-und-katalog-werden-auf-der-fira-creative-world-2019-praesentiert\/\"},\"author\":{\"name\":\"Davide Menini\",\"@id\":\"https:\/\/tcolors.net\/de\/#\/schema\/person\/4e19035ea98ca80e8a880b9100ee6391\"},\"headline\":\"Die Erneuerung von Tcolors: Neues Erscheinungsbild und Katalog werden auf der Fira Creative World 2019 pr\u00e4sentiert.\",\"datePublished\":\"2019-01-31T13:56:40+00:00\",\"mainEntityOfPage\":{\"@id\":\"https:\/\/tcolors.net\/de\/die-erneuerung-von-tcolors-neues-erscheinungsbild-und-katalog-werden-auf-der-fira-creative-world-2019-praesentiert\/\"},\"wordCount\":283,\"publisher\":{\"@id\":\"https:\/\/tcolors.net\/de\/#organization\"},\"image\":{\"@id\":\"https:\/\/tcolors.net\/de\/die-erneuerung-von-tcolors-neues-erscheinungsbild-und-katalog-werden-auf-der-fira-creative-world-2019-praesentiert\/#primaryimage\"},\"thumbnailUrl\":\"https:\/\/tcolors.net\/wp-content\/uploads\/2023\/09\/feria-frankfurt-2019.jpg\",\"keywords\":[\"Creative World Messe\",\"Creative World Messe Frankfurt\",\"Tcolors\"],\"articleSection\":[\"Messen und Veranstaltungen\"],\"inLanguage\":\"de\"},{\"@type\":\"WebPage\",\"@id\":\"https:\/\/tcolors.net\/de\/die-erneuerung-von-tcolors-neues-erscheinungsbild-und-katalog-werden-auf-der-fira-creative-world-2019-praesentiert\/\",\"url\":\"https:\/\/tcolors.net\/de\/die-erneuerung-von-tcolors-neues-erscheinungsbild-und-katalog-werden-auf-der-fira-creative-world-2019-praesentiert\/\",\"name\":\"Die Erneuerung von Tcolors: Neues Erscheinungsbild und Katalog werden auf der Fira Creative World 2019 pr\u00e4sentiert. - TColors\",\"isPartOf\":{\"@id\":\"https:\/\/tcolors.net\/de\/#website\"},\"primaryImageOfPage\":{\"@id\":\"https:\/\/tcolors.net\/de\/die-erneuerung-von-tcolors-neues-erscheinungsbild-und-katalog-werden-auf-der-fira-creative-world-2019-praesentiert\/#primaryimage\"},\"image\":{\"@id\":\"https:\/\/tcolors.net\/de\/die-erneuerung-von-tcolors-neues-erscheinungsbild-und-katalog-werden-auf-der-fira-creative-world-2019-praesentiert\/#primaryimage\"},\"thumbnailUrl\":\"https:\/\/tcolors.net\/wp-content\/uploads\/2023\/09\/feria-frankfurt-2019.jpg\",\"datePublished\":\"2019-01-31T13:56:40+00:00\",\"description\":\"Erkunde die Verwandlung von Tcolors auf der Fira Creative World 2019 durch ihr innovatives neues Markenbild und Katalog.\",\"breadcrumb\":{\"@id\":\"https:\/\/tcolors.net\/de\/die-erneuerung-von-tcolors-neues-erscheinungsbild-und-katalog-werden-auf-der-fira-creative-world-2019-praesentiert\/#breadcrumb\"},\"inLanguage\":\"de\",\"potentialAction\":[{\"@type\":\"ReadAction\",\"target\":[\"https:\/\/tcolors.net\/de\/die-erneuerung-von-tcolors-neues-erscheinungsbild-und-katalog-werden-auf-der-fira-creative-world-2019-praesentiert\/\"]}]},{\"@type\":\"ImageObject\",\"inLanguage\":\"de\",\"@id\":\"https:\/\/tcolors.net\/de\/die-erneuerung-von-tcolors-neues-erscheinungsbild-und-katalog-werden-auf-der-fira-creative-world-2019-praesentiert\/#primaryimage\",\"url\":\"https:\/\/tcolors.net\/wp-content\/uploads\/2023\/09\/feria-frankfurt-2019.jpg\",\"contentUrl\":\"https:\/\/tcolors.net\/wp-content\/uploads\/2023\/09\/feria-frankfurt-2019.jpg\",\"width\":901,\"height\":901},{\"@type\":\"BreadcrumbList\",\"@id\":\"https:\/\/tcolors.net\/de\/die-erneuerung-von-tcolors-neues-erscheinungsbild-und-katalog-werden-auf-der-fira-creative-world-2019-praesentiert\/#breadcrumb\",\"itemListElement\":[{\"@type\":\"ListItem\",\"position\":1,\"name\":\"Portada\",\"item\":\"https:\/\/tcolors.net\/de\/\"},{\"@type\":\"ListItem\",\"position\":2,\"name\":\"Die Erneuerung von Tcolors: Neues Erscheinungsbild und Katalog werden auf der Fira Creative World 2019 pr\u00e4sentiert.\"}]},{\"@type\":\"WebSite\",\"@id\":\"https:\/\/tcolors.net\/de\/#website\",\"url\":\"https:\/\/tcolors.net\/de\/\",\"name\":\"TColors\",\"description\":\"Fabricants 100% social de pintures a Espanya\",\"publisher\":{\"@id\":\"https:\/\/tcolors.net\/de\/#organization\"},\"potentialAction\":[{\"@type\":\"SearchAction\",\"target\":{\"@type\":\"EntryPoint\",\"urlTemplate\":\"https:\/\/tcolors.net\/de\/?s={search_term_string}\"},\"query-input\":{\"@type\":\"PropertyValueSpecification\",\"valueRequired\":true,\"valueName\":\"search_term_string\"}}],\"inLanguage\":\"de\"},{\"@type\":\"Organization\",\"@id\":\"https:\/\/tcolors.net\/de\/#organization\",\"name\":\"TColors\",\"url\":\"https:\/\/tcolors.net\/de\/\",\"logo\":{\"@type\":\"ImageObject\",\"inLanguage\":\"de\",\"@id\":\"https:\/\/tcolors.net\/de\/#\/schema\/logo\/image\/\",\"url\":\"https:\/\/tcolors.net\/wp-content\/uploads\/2023\/04\/tcolors.png\",\"contentUrl\":\"https:\/\/tcolors.net\/wp-content\/uploads\/2023\/04\/tcolors.png\",\"width\":319,\"height\":150,\"caption\":\"TColors\"},\"image\":{\"@id\":\"https:\/\/tcolors.net\/de\/#\/schema\/logo\/image\/\"},\"sameAs\":[\"https:\/\/www.facebook.com\/tcolorsoficial\",\"https:\/\/www.instagram.com\/tcolors_oficial\/\"]},{\"@type\":\"Person\",\"@id\":\"https:\/\/tcolors.net\/de\/#\/schema\/person\/4e19035ea98ca80e8a880b9100ee6391\",\"name\":\"Davide Menini\"}]}<\/script>\n<!-- \/ Yoast SEO plugin. -->","yoast_head_json":{"title":"Die Erneuerung von Tcolors: Neues Erscheinungsbild und Katalog werden auf der Fira Creative World 2019 pr\u00e4sentiert. - TColors","description":"Erkunde die Verwandlung von Tcolors auf der Fira Creative World 2019 durch ihr innovatives neues Markenbild und Katalog.","robots":{"index":"index","follow":"follow","max-snippet":"max-snippet:-1","max-image-preview":"max-image-preview:large","max-video-preview":"max-video-preview:-1"},"canonical":"https:\/\/tcolors.net\/de\/die-erneuerung-von-tcolors-neues-erscheinungsbild-und-katalog-werden-auf-der-fira-creative-world-2019-praesentiert\/","og_locale":"de_DE","og_type":"article","og_title":"Die Erneuerung von Tcolors: Neues Erscheinungsbild und Katalog werden auf der Fira Creative World 2019 pr\u00e4sentiert. - TColors","og_description":"Erkunde die Verwandlung von Tcolors auf der Fira Creative World 2019 durch ihr innovatives neues Markenbild und Katalog.","og_url":"https:\/\/tcolors.net\/de\/die-erneuerung-von-tcolors-neues-erscheinungsbild-und-katalog-werden-auf-der-fira-creative-world-2019-praesentiert\/","og_site_name":"TColors","article_publisher":"https:\/\/www.facebook.com\/tcolorsoficial","article_published_time":"2019-01-31T13:56:40+00:00","og_image":[{"width":901,"height":901,"url":"https:\/\/tcolors.net\/wp-content\/uploads\/2023\/09\/feria-frankfurt-2019.jpg","type":"image\/jpeg"}],"author":"Davide Menini","twitter_card":"summary_large_image","twitter_misc":{"Verfasst von":"Davide Menini","Gesch\u00e4tzte Lesezeit":"1\u00a0Minute"},"schema":{"@context":"https:\/\/schema.org","@graph":[{"@type":"Article","@id":"https:\/\/tcolors.net\/de\/die-erneuerung-von-tcolors-neues-erscheinungsbild-und-katalog-werden-auf-der-fira-creative-world-2019-praesentiert\/#article","isPartOf":{"@id":"https:\/\/tcolors.net\/de\/die-erneuerung-von-tcolors-neues-erscheinungsbild-und-katalog-werden-auf-der-fira-creative-world-2019-praesentiert\/"},"author":{"name":"Davide Menini","@id":"https:\/\/tcolors.net\/de\/#\/schema\/person\/4e19035ea98ca80e8a880b9100ee6391"},"headline":"Die Erneuerung von Tcolors: Neues Erscheinungsbild und Katalog werden auf der Fira Creative World 2019 pr\u00e4sentiert.","datePublished":"2019-01-31T13:56:40+00:00","mainEntityOfPage":{"@id":"https:\/\/tcolors.net\/de\/die-erneuerung-von-tcolors-neues-erscheinungsbild-und-katalog-werden-auf-der-fira-creative-world-2019-praesentiert\/"},"wordCount":283,"publisher":{"@id":"https:\/\/tcolors.net\/de\/#organization"},"image":{"@id":"https:\/\/tcolors.net\/de\/die-erneuerung-von-tcolors-neues-erscheinungsbild-und-katalog-werden-auf-der-fira-creative-world-2019-praesentiert\/#primaryimage"},"thumbnailUrl":"https:\/\/tcolors.net\/wp-content\/uploads\/2023\/09\/feria-frankfurt-2019.jpg","keywords":["Creative World Messe","Creative World Messe Frankfurt","Tcolors"],"articleSection":["Messen und Veranstaltungen"],"inLanguage":"de"},{"@type":"WebPage","@id":"https:\/\/tcolors.net\/de\/die-erneuerung-von-tcolors-neues-erscheinungsbild-und-katalog-werden-auf-der-fira-creative-world-2019-praesentiert\/","url":"https:\/\/tcolors.net\/de\/die-erneuerung-von-tcolors-neues-erscheinungsbild-und-katalog-werden-auf-der-fira-creative-world-2019-praesentiert\/","name":"Die Erneuerung von Tcolors: Neues Erscheinungsbild und Katalog werden auf der Fira Creative World 2019 pr\u00e4sentiert. - TColors","isPartOf":{"@id":"https:\/\/tcolors.net\/de\/#website"},"primaryImageOfPage":{"@id":"https:\/\/tcolors.net\/de\/die-erneuerung-von-tcolors-neues-erscheinungsbild-und-katalog-werden-auf-der-fira-creative-world-2019-praesentiert\/#primaryimage"},"image":{"@id":"https:\/\/tcolors.net\/de\/die-erneuerung-von-tcolors-neues-erscheinungsbild-und-katalog-werden-auf-der-fira-creative-world-2019-praesentiert\/#primaryimage"},"thumbnailUrl":"https:\/\/tcolors.net\/wp-content\/uploads\/2023\/09\/feria-frankfurt-2019.jpg","datePublished":"2019-01-31T13:56:40+00:00","description":"Erkunde die Verwandlung von Tcolors auf der Fira Creative World 2019 durch ihr innovatives neues Markenbild und Katalog.","breadcrumb":{"@id":"https:\/\/tcolors.net\/de\/die-erneuerung-von-tcolors-neues-erscheinungsbild-und-katalog-werden-auf-der-fira-creative-world-2019-praesentiert\/#breadcrumb"},"inLanguage":"de","potentialAction":[{"@type":"ReadAction","target":["https:\/\/tcolors.net\/de\/die-erneuerung-von-tcolors-neues-erscheinungsbild-und-katalog-werden-auf-der-fira-creative-world-2019-praesentiert\/"]}]},{"@type":"ImageObject","inLanguage":"de","@id":"https:\/\/tcolors.net\/de\/die-erneuerung-von-tcolors-neues-erscheinungsbild-und-katalog-werden-auf-der-fira-creative-world-2019-praesentiert\/#primaryimage","url":"https:\/\/tcolors.net\/wp-content\/uploads\/2023\/09\/feria-frankfurt-2019.jpg","contentUrl":"https:\/\/tcolors.net\/wp-content\/uploads\/2023\/09\/feria-frankfurt-2019.jpg","width":901,"height":901},{"@type":"BreadcrumbList","@id":"https:\/\/tcolors.net\/de\/die-erneuerung-von-tcolors-neues-erscheinungsbild-und-katalog-werden-auf-der-fira-creative-world-2019-praesentiert\/#breadcrumb","itemListElement":[{"@type":"ListItem","position":1,"name":"Portada","item":"https:\/\/tcolors.net\/de\/"},{"@type":"ListItem","position":2,"name":"Die Erneuerung von Tcolors: Neues Erscheinungsbild und Katalog werden auf der Fira Creative World 2019 pr\u00e4sentiert."}]},{"@type":"WebSite","@id":"https:\/\/tcolors.net\/de\/#website","url":"https:\/\/tcolors.net\/de\/","name":"TColors","description":"Fabricants 100% social de pintures a Espanya","publisher":{"@id":"https:\/\/tcolors.net\/de\/#organization"},"potentialAction":[{"@type":"SearchAction","target":{"@type":"EntryPoint","urlTemplate":"https:\/\/tcolors.net\/de\/?s={search_term_string}"},"query-input":{"@type":"PropertyValueSpecification","valueRequired":true,"valueName":"search_term_string"}}],"inLanguage":"de"},{"@type":"Organization","@id":"https:\/\/tcolors.net\/de\/#organization","name":"TColors","url":"https:\/\/tcolors.net\/de\/","logo":{"@type":"ImageObject","inLanguage":"de","@id":"https:\/\/tcolors.net\/de\/#\/schema\/logo\/image\/","url":"https:\/\/tcolors.net\/wp-content\/uploads\/2023\/04\/tcolors.png","contentUrl":"https:\/\/tcolors.net\/wp-content\/uploads\/2023\/04\/tcolors.png","width":319,"height":150,"caption":"TColors"},"image":{"@id":"https:\/\/tcolors.net\/de\/#\/schema\/logo\/image\/"},"sameAs":["https:\/\/www.facebook.com\/tcolorsoficial","https:\/\/www.instagram.com\/tcolors_oficial\/"]},{"@type":"Person","@id":"https:\/\/tcolors.net\/de\/#\/schema\/person\/4e19035ea98ca80e8a880b9100ee6391","name":"Davide Menini"}]}},"_links":{"self":[{"href":"https:\/\/tcolors.net\/de\/wp-json\/wp\/v2\/posts\/5850","targetHints":{"allow":["GET"]}}],"collection":[{"href":"https:\/\/tcolors.net\/de\/wp-json\/wp\/v2\/posts"}],"about":[{"href":"https:\/\/tcolors.net\/de\/wp-json\/wp\/v2\/types\/post"}],"author":[{"embeddable":true,"href":"https:\/\/tcolors.net\/de\/wp-json\/wp\/v2\/users\/2"}],"replies":[{"embeddable":true,"href":"https:\/\/tcolors.net\/de\/wp-json\/wp\/v2\/comments?post=5850"}],"version-history":[{"count":0,"href":"https:\/\/tcolors.net\/de\/wp-json\/wp\/v2\/posts\/5850\/revisions"}],"wp:featuredmedia":[{"embeddable":true,"href":"https:\/\/tcolors.net\/de\/wp-json\/wp\/v2\/media\/5040"}],"wp:attachment":[{"href":"https:\/\/tcolors.net\/de\/wp-json\/wp\/v2\/media?parent=5850"}],"wp:term":[{"taxonomy":"category","embeddable":true,"href":"https:\/\/tcolors.net\/de\/wp-json\/wp\/v2\/categories?post=5850"},{"taxonomy":"post_tag","embeddable":true,"href":"https:\/\/tcolors.net\/de\/wp-json\/wp\/v2\/tags?post=5850"}],"curies":[{"name":"wp","href":"https:\/\/api.w.org\/{rel}","templated":true}]}}